{"id":572,"date":"2026-04-24T14:31:54","date_gmt":"2026-04-24T12:31:54","guid":{"rendered":"https:\/\/mikatuovinen.net\/lahettajapiiri\/?p=572"},"modified":"2026-04-24T15:12:34","modified_gmt":"2026-04-24T13:12:34","slug":"kristityt-yhdessa-kirjeeni-4-2026","status":"publish","type":"post","link":"https:\/\/mikatuovinen.net\/lahettajapiiri\/kristityt-yhdessa-kirjeeni-4-2026\/","title":{"rendered":"Kristityt yhdess\u00e4 &#8211; Kirjeeni 4\/2026"},"content":{"rendered":"\n<p><strong>Yst\u00e4v\u00e4ni,<\/strong><strong><\/strong><\/p>\n\n\n\n<p>Takana on taas saarnoja, neuvotteluja, telkkari-ohjelmien takoa ja suunnittelua, keskusteluja, tiimin johtamista, tapaamisia ja kaikkea sit\u00e4, mit\u00e4 ty\u00f6ss\u00e4 on normaalistikin. Erityisesti iloitsin l\u00e4hetysviikon j\u00e4rjest\u00e4misest\u00e4 omassa Hausj\u00e4rven seurakunnassamme.&nbsp;<\/p>\n\n\n\n<p>Olen tietoisesti varannut aikaa kirjoittamiselle keskittyen <strong>Is\u00e4 meid\u00e4n -rukouksen<\/strong> rikkauksiin ja merkitykseen. Olen kierr\u00e4tt\u00e4nyt mieless\u00e4ni vanhoja raamatunopetuksiani ja lukenut juutalaisuuteen perehtyneen&nbsp;<strong>Risto Santalan<\/strong> huomioita rukouksen juutalaisesta taustasta.&nbsp;<\/p>\n\n\n\n<p><strong>Is\u00e4 meid\u00e4n -rukouksessa yhdistyy my\u00f6s syvi\u00e4 omaan ty\u00f6h\u00f6n liittyvi\u00e4 n\u00e4k\u00f6kulmia. Kuten:<\/strong><\/p>\n\n\n\n<div class=\"wp-block-group has-background is-vertical is-layout-flex wp-container-core-group-is-layout-8cf370e7 wp-block-group-is-layout-flex\" style=\"background-color:#e0e5f6\">\n<p><strong>Kristittyjen yhteys<\/strong>. \u201dIs\u00e4 meid\u00e4n\u201d on kaikkien kristittyjen rukous, ja tarkoitettu yhdess\u00e4 rukoiltavaksi. T\u00e4m\u00e4 laittaa meid\u00e4t tunnustamaan erilaiset kristityt saman perheen j\u00e4seniksi. Jos Jumala on is\u00e4mme, olemme sisaruksia.&nbsp;<\/p>\n\n\n\n<p><strong>Jumalan valtakunnan tulo<\/strong>. Se tulee pelastavalla tavalla sinne, miss\u00e4 uskotaan evankeliumi Jeesuksesta. Kun rukoilemme t\u00e4t\u00e4, se on samalla kutsu vied\u00e4 evankeliumi kaikille, jotta Valtakunta tulisi heillekin.&nbsp;<\/p>\n\n\n\n<p><strong>Syntien anteeksiantamus<\/strong>. T\u00e4m\u00e4n tuo usko Jeesukseen.&nbsp;<\/p>\n\n\n\n<p><strong>Jumalan tahdon tapahtuminen<\/strong>. Jumalan tahdon toteutumisen \u201dtasoja\u201d on monia: pelastuksen tasolla Jumala haluaa pelastaa kaikki, siksi julistamme.&nbsp;&nbsp;Persoonamme tasolla kyse on siit\u00e4, millaiseksi Jumala haluaa meid\u00e4t tehd\u00e4. Arkiel\u00e4m\u00e4n tasolla siit\u00e4, kuinka tulee el\u00e4\u00e4.&nbsp;<\/p>\n<\/div>\n\n\n\n<p>Rukouksessa on alku ja loppuylistyksen lis\u00e4ksi 7 pyynt\u00f6\u00e4. Se on kuin seitsem\u00e4n pihvin maistuva j\u00e4ttihampurilainen, jossa pureskeltavaa riitt\u00e4\u00e4!&nbsp;<\/p>\n\n\n<div class=\"wp-block-image\">\n<figure class=\"aligncenter size-full\"><img loading=\"lazy\" decoding=\"async\" width=\"960\" height=\"540\" src=\"https:\/\/mikatuovinen.net\/lahettajapiiri\/wp-content\/uploads\/2026\/04\/Isa-meidan-rukous-rakenne.jpg\" alt=\"Is\u00e4 meid\u00e4n rukous\" class=\"wp-image-573\" srcset=\"https:\/\/mikatuovinen.net\/lahettajapiiri\/wp-content\/uploads\/2026\/04\/Isa-meidan-rukous-rakenne.jpg 960w, https:\/\/mikatuovinen.net\/lahettajapiiri\/wp-content\/uploads\/2026\/04\/Isa-meidan-rukous-rakenne-300x169.jpg 300w, https:\/\/mikatuovinen.net\/lahettajapiiri\/wp-content\/uploads\/2026\/04\/Isa-meidan-rukous-rakenne-768x432.jpg 768w\" sizes=\"auto, (max-width: 960px) 100vw, 960px\" \/><\/figure>\n<\/div>\n\n\n<p><br><br><strong>Pointtini opetuksissani ja kirjoituksissani on t\u00e4m\u00e4: Voimme rukoilla t\u00e4m\u00e4n minuutissa, mutta sen \u00e4\u00e4rell\u00e4 voi k\u00e4ytt\u00e4\u00e4 paljonkin aikaa pohtien kunkin rukouslauseen avulla omaa ja l\u00e4heisten el\u00e4m\u00e4\u00e4 sek\u00e4 evankeliumin ty\u00f6t\u00e4.<\/strong><\/p>\n\n\n\n<h2 class=\"wp-block-heading\"><strong>Toivoa toukokuussa<\/strong><\/h2>\n\n\n\n<p>Kuun alussa on\u00a0<strong>Keski-Suomen kiertue<\/strong>. Sen j\u00e4lkeen olen viikon <strong>Etel\u00e4-Pohjanmaalla<\/strong>, jossa on tapaamisia ja puheita. Silt\u00e4 siirryn suoraan <strong>Turkuun<\/strong> Mission Europen tiimipalaveriin. Ved\u00e4n muutaman p\u00e4iv\u00e4n henke\u00e4 ja siirryn <strong>Viroon<\/strong>, jossa vierailen seurakunnissa, tapaan vaikuttajia ja osallistun ev.lut. kirkon l\u00e4hetystapahtumaan. Sitten alkaa rauhallisempi kes\u00e4jakso.<\/p>\n\n\n<div class=\"wp-block-image\">\n<figure class=\"aligncenter size-large\"><img loading=\"lazy\" decoding=\"async\" width=\"724\" height=\"1024\" src=\"https:\/\/mikatuovinen.net\/lahettajapiiri\/wp-content\/uploads\/2026\/04\/Tulevaisuuden-ja-toivon-kiertue_2026_MIna-annan-teille-tulevaisuuden-ja-toivon_2800x1132-724x1024.png\" alt=\"Min\u00e4 annan teille tulevaisuuden ja toivon\" class=\"wp-image-576\" srcset=\"https:\/\/mikatuovinen.net\/lahettajapiiri\/wp-content\/uploads\/2026\/04\/Tulevaisuuden-ja-toivon-kiertue_2026_MIna-annan-teille-tulevaisuuden-ja-toivon_2800x1132-724x1024.png 724w, https:\/\/mikatuovinen.net\/lahettajapiiri\/wp-content\/uploads\/2026\/04\/Tulevaisuuden-ja-toivon-kiertue_2026_MIna-annan-teille-tulevaisuuden-ja-toivon_2800x1132-212x300.png 212w, https:\/\/mikatuovinen.net\/lahettajapiiri\/wp-content\/uploads\/2026\/04\/Tulevaisuuden-ja-toivon-kiertue_2026_MIna-annan-teille-tulevaisuuden-ja-toivon_2800x1132-768x1087.png 768w, https:\/\/mikatuovinen.net\/lahettajapiiri\/wp-content\/uploads\/2026\/04\/Tulevaisuuden-ja-toivon-kiertue_2026_MIna-annan-teille-tulevaisuuden-ja-toivon_2800x1132.png 800w\" sizes=\"auto, (max-width: 724px) 100vw, 724px\" \/><\/figure>\n<\/div>\n\n\n<h2 class=\"wp-block-heading\"><strong>Kristusp\u00e4iv\u00e4kiertue tulee<\/strong><\/h2>\n\n\n\n<p>Meill\u00e4 on syntyi ajatus valtakunnallisen Kristusp\u00e4iv\u00e4n j\u00e4rjest\u00e4misest\u00e4. Sit\u00e4 vet\u00e4v\u00e4t&nbsp;<strong>Hengen Uudistus kirkossamme, Opiskelija- ja koululaisl\u00e4hetys, Kansan Raamattuseura ja Mission Europe<\/strong>. Nelj\u00e4n j\u00e4rjest\u00f6n johtajina olemme ydintiimiss\u00e4. Lis\u00e4ksi on k\u00e4yt\u00e4nn\u00f6n j\u00e4rjestelyist\u00e4 vastaava tiimi.&nbsp;<\/p>\n\n\n\n<p>Mission Europen&nbsp;<strong>Markku Happonen<\/strong>&nbsp;oli t\u00e4rke\u00e4 henkil\u00f6 Kristusp\u00e4iv\u00e4n tulossa Suomeen. H\u00e4n kertoi t\u00e4st\u00e4 rukousn\u00e4yst\u00e4&nbsp;<strong>Hannu Hatanp\u00e4\u00e4lle<\/strong>, joka oli alussa vetovastuussa. Turussa oli Kristusp\u00e4iv\u00e4t 2008 ja 2017. Nyt tulee kiertue.<\/p>\n\n\n\n<div class=\"wp-block-group has-base-2-color has-text-color has-background has-link-color wp-elements-5be59651d6eadf013cc056dec2072043 is-vertical is-layout-flex wp-container-core-group-is-layout-8cf370e7 wp-block-group-is-layout-flex\" style=\"background-color:#220f70;font-size:25px\">\n<p><strong>KRISTUSP\u00c4IV\u00c4N YDIN ON T\u00c4M\u00c4:<\/strong><\/p>\n\n\n\n<p class=\"has-text-align-center\"><strong>KRISTITYT RUKOILEVAT YHDESS\u00c4.<\/strong><\/p>\n<\/div>\n\n\n\n<hr class=\"wp-block-separator has-alpha-channel-opacity\"\/>\n\n\n\n<p>Ensimm\u00e4isess\u00e4 Kristusp\u00e4iv\u00e4ss\u00e4 Kes\u00e4lahden&nbsp;<strong>Esa Kosonen<\/strong>&nbsp;sai sis\u00e4isen kutsun alkaa j\u00e4rjest\u00e4\u00e4 paikallisia Kristusp\u00e4ivi\u00e4 It\u00e4-Suomen alueella. H\u00e4n on uskollisesti j\u00e4rjest\u00e4nyt niit\u00e4. Nelj\u00e4 vuotta sitten h\u00e4n pyysi minua yhteisty\u00f6h\u00f6n, ja olemme yhdess\u00e4 j\u00e4rjest\u00e4neet Kristusp\u00e4ivi\u00e4 Lappeenrannassa (2023), Kouvolassa (2024) ja Lahdessa (2025)<\/p>\n\n\n\n<p><strong>Pid\u00e4mme nyt Esan kanssa hetken tauon, mutta rukouksemme on, ett\u00e4 paikalliset Kristusp\u00e4iv\u00e4t saisivat uuden innon syksyst\u00e4 2027.&nbsp;<\/strong><\/p>\n\n\n\n<figure class=\"wp-block-image size-full\"><img loading=\"lazy\" decoding=\"async\" width=\"950\" height=\"593\" src=\"https:\/\/mikatuovinen.net\/lahettajapiiri\/wp-content\/uploads\/2026\/04\/Kristuspaivakiertue-valmistelu_.jpg\" alt=\"Kristusp\u00e4iv\u00e4 Suomessa 2027\" class=\"wp-image-575\" srcset=\"https:\/\/mikatuovinen.net\/lahettajapiiri\/wp-content\/uploads\/2026\/04\/Kristuspaivakiertue-valmistelu_.jpg 950w, https:\/\/mikatuovinen.net\/lahettajapiiri\/wp-content\/uploads\/2026\/04\/Kristuspaivakiertue-valmistelu_-300x187.jpg 300w, https:\/\/mikatuovinen.net\/lahettajapiiri\/wp-content\/uploads\/2026\/04\/Kristuspaivakiertue-valmistelu_-768x479.jpg 768w\" sizes=\"auto, (max-width: 950px) 100vw, 950px\" \/><figcaption class=\"wp-element-caption\">Eva Sarsa, Mika Tuovinen, Kalle Virta, Jussi Miettinen, Riku Rantanen ja Johanna Sandberg suunnittelemassa vuoden 2027 Kristusp\u00e4ivi\u00e4.<\/figcaption><\/figure>\n\n\n\n<h2 class=\"wp-block-heading\"><strong>Missioiden uusi tuleminen<\/strong><\/h2>\n\n\n\n<p>Kristusp\u00e4ivien lis\u00e4ksi missioiden eli evankelioivien seurakuntatapahtumien j\u00e4rjest\u00e4minen on yksi p\u00e4\u00e4teht\u00e4v\u00e4ni ja unelmani. Olemme mukana Uudenkaupungin tapahtuman j\u00e4rjest\u00e4misess\u00e4, joka huipentuu 2.-4.10. j\u00e4rjestett\u00e4v\u00e4\u00e4n Toivon siiville -tapahtumaan.&nbsp;<\/p>\n\n\n\n<p><strong>Rukouksemme ja toiveemme on, ett\u00e4 tuosta voisi aueta uusi missioliike Suomessa, josta se levi\u00e4isi muuallekin. T\u00e4m\u00e4 on niin iso aihe, ett\u00e4 siihen tarvitaan aktiivisen ty\u00f6n lis\u00e4ksi Jumalan ihme. Missioty\u00f6lle on nyt tarvetta.<\/strong><\/p>\n\n\n\n<h2 class=\"wp-block-heading\"><strong>Yhdess\u00e4 tekemisen siunaus<\/strong><\/h2>\n\n\n\n<p><strong>N\u00e4m\u00e4 kaksi ovat sek\u00e4 minulle ett\u00e4 Mission Europelle keskeisi\u00e4 yhteisi\u00e4 tavoitteita. Niihin molempiin tarvitsemme Jumalan avaamia ovia, intoa ja johdatusta. Toinen kutsuu kristittyj\u00e4 rukoukseen, toinen evankeliumin kertomiseen.<\/strong><br><br>T\u00e4m\u00e4n kaiken \u2013 missioiden ja Kristusp\u00e4ivien &#8211; mahdollistamiseksi minun pit\u00e4\u00e4 p\u00e4\u00e4st\u00e4 liikkumaan kyliss\u00e4, kaupungeissa ja seurakunnissa tapamaan pastoreita ja hengellisi\u00e4 johtajia kutsuen heit\u00e4 mukaan syttym\u00e4\u00e4n missioista ja Kristusp\u00e4ivist\u00e4.&nbsp;<\/p>\n\n\n\n<div class=\"wp-block-group has-base-2-background-color has-background is-vertical is-layout-flex wp-container-core-group-is-layout-8cf370e7 wp-block-group-is-layout-flex\">\n<div class=\"wp-block-group has-background is-vertical is-layout-flex wp-container-core-group-is-layout-8cf370e7 wp-block-group-is-layout-flex\" style=\"background-color:#faf4f4\">\n<p><strong>Ihmettelen,<\/strong>&nbsp;ett\u00e4 syd\u00e4mess\u00e4ni on edelleen nuorekas into ja pulppuava halua tehd\u00e4 ty\u00f6t\u00e4 evankeliumin, kristittyjen yhteyden, Jumalan kunnian ja ihmisten pelastumisen hyv\u00e4ksi.&nbsp;<\/p>\n\n\n\n<p><strong>Toinen ihmetyksen asia:<\/strong>&nbsp;Minulla on l\u00e4hett\u00e4j\u00e4piiri, joka l\u00e4hett\u00e4\u00e4 minut t\u00e4h\u00e4n yh\u00e4 laajenevaan t\u00e4rke\u00e4\u00e4n ja merkitykselliseen ty\u00f6h\u00f6n.&nbsp;<\/p>\n<\/div>\n<\/div>\n\n\n\n<p>T\u00e4ss\u00e4 yhdistyy Jumalan ihmeellinen suunnitelma. H\u00e4n on johdattanut meid\u00e4t ty\u00f6yhteyteen. Olen siit\u00e4 tavattoman kiitollinen Jumalalle ja sinulle. Sinua edelleen tarvitaan l\u00e4hett\u00e4j\u00e4n\u00e4. Rukoile, my\u00f6s ett\u00e4 suurten tarpeiden ja n\u00e4kyjen edess\u00e4 saisin l\u00e4hett\u00e4ji\u00e4 ja taloudellista kannatusta lis\u00e4\u00e4. Jotkut l\u00e4hett\u00e4j\u00e4t ovat jo siirtyneet ikuisuuteen.<\/p>\n\n\n\n<div class=\"wp-block-group has-background is-vertical is-layout-flex wp-container-core-group-is-layout-8cf370e7 wp-block-group-is-layout-flex\" style=\"background-color:#e0e5f6\">\n<p><strong>KIIT\u00c4 KANSSANI JUMALAA N\u00c4IST\u00c4:<\/strong><\/p>\n\n\n\n<ul class=\"wp-block-list\">\n<li>Ty\u00f6n mahdollisuuksista t\u00e4m\u00e4n hetken Suomessa.<\/li>\n\n\n\n<li>L\u00e4hett\u00e4jist\u00e4, jotka mahdollistavat palveluty\u00f6ni rukouksin, rohkaisuin ja lahjoituksin.&nbsp;<\/li>\n<\/ul>\n\n\n\n<p><strong>RUKOILETHAN KANSSANI:<\/strong><\/p>\n\n\n\n<ul class=\"wp-block-list\">\n<li>Vuoden 2027 Kristusp\u00e4iv\u00e4-kiertueen j\u00e4rjestelyjen onnistuminen sek\u00e4 tulevaisuuden missiopaikkakuntien l\u00f6ytyminen.<\/li>\n\n\n\n<li>Tulevaisuuden ja toivon kiertue Keski-Suomessa, Etel\u00e4-Pohjanmaan tapaamiset, ty\u00f6ntekij\u00e4tapaamisemme Turussa 18.-21.5. ja Uudenkaupungin missio lokakuussa. Muut seurakuntavierailut ja tapaamiset.<\/li>\n\n\n\n<li>Viisautta ja luovuutta kirjoittamiseen.&nbsp;<\/li>\n\n\n\n<li>Uusia l\u00e4hett\u00e4ji\u00e4 t\u00e4h\u00e4n rakkaaseen l\u00e4hett\u00e4j\u00e4piiriin.<\/li>\n<\/ul>\n<\/div>\n\n\n\n<figure class=\"wp-block-image size-full\"><img loading=\"lazy\" decoding=\"async\" width=\"1000\" height=\"250\" src=\"https:\/\/mikatuovinen.net\/lahettajapiiri\/wp-content\/uploads\/2026\/04\/Mika-Tuovinen_kirje_logo_2026_4_lahetystyo-kristittyjen-yhteys-evankelioiminen_1000x250.png\" alt=\"L\u00e4hetysty\u00f6n tukeminen\" class=\"wp-image-577\" srcset=\"https:\/\/mikatuovinen.net\/lahettajapiiri\/wp-content\/uploads\/2026\/04\/Mika-Tuovinen_kirje_logo_2026_4_lahetystyo-kristittyjen-yhteys-evankelioiminen_1000x250.png 1000w, https:\/\/mikatuovinen.net\/lahettajapiiri\/wp-content\/uploads\/2026\/04\/Mika-Tuovinen_kirje_logo_2026_4_lahetystyo-kristittyjen-yhteys-evankelioiminen_1000x250-300x75.png 300w, https:\/\/mikatuovinen.net\/lahettajapiiri\/wp-content\/uploads\/2026\/04\/Mika-Tuovinen_kirje_logo_2026_4_lahetystyo-kristittyjen-yhteys-evankelioiminen_1000x250-768x192.png 768w\" sizes=\"auto, (max-width: 1000px) 100vw, 1000px\" \/><\/figure>\n\n\n\n<p class=\"has-text-align-center\">Palveluty\u00f6n tukeminen: <a href=\"https:\/\/mikatuovinen.net\/lahettajapiiri\/lahjoitustiedot\/\">Tilitiedot t\u00e4\u00e4lt\u00e4<\/a>. &#8211;   MOBILEPAY: 40222<\/p>\n","protected":false},"excerpt":{"rendered":"<p>Yst\u00e4v\u00e4ni, Takana on taas saarnoja, neuvotteluja, telkkari-ohjelmien takoa ja suunnittelua, keskusteluja, tiimin johtamista, tapaamisia ja kaikkea sit\u00e4, mit\u00e4 ty\u00f6ss\u00e4 on normaalistikin. Erityisesti iloitsin l\u00e4hetysviikon j\u00e4rjest\u00e4misest\u00e4 omassa Hausj\u00e4rven seurakunnassamme.&nbsp; Olen tietoisesti varannut aikaa kirjoittamiselle keskittyen Is\u00e4 meid\u00e4n -rukouksen rikkauksiin ja merkitykseen. Olen kierr\u00e4tt\u00e4nyt mieless\u00e4ni vanhoja raamatunopetuksiani ja lukenut juutalaisuuteen perehtyneen&nbsp;Risto Santalan huomioita rukouksen juutalaisesta taustasta.&nbsp; Is\u00e4 &#8230; <a title=\"Kristityt yhdess\u00e4 &#8211; Kirjeeni 4\/2026\" class=\"read-more\" href=\"https:\/\/mikatuovinen.net\/lahettajapiiri\/kristityt-yhdessa-kirjeeni-4-2026\/\" aria-label=\"Lue lis\u00e4\u00e4 aiheesta Kristityt yhdess\u00e4 &#8211; Kirjeeni 4\/2026\">Lue lis\u00e4\u00e4<\/a><\/p>\n","protected":false},"author":1,"featured_media":0,"comment_status":"open","ping_status":"open","sticky":false,"template":"","format":"standard","meta":{"_jetpack_memberships_contains_paid_content":false,"footnotes":""},"categories":[2],"tags":[],"class_list":["post-572","post","type-post","status-publish","format-standard","hentry","category-lahettajapiirikirjeet"],"jetpack_featured_media_url":"","jetpack_sharing_enabled":true,"_links":{"self":[{"href":"https:\/\/mikatuovinen.net\/lahettajapiiri\/wp-json\/wp\/v2\/posts\/572","targetHints":{"allow":["GET"]}}],"collection":[{"href":"https:\/\/mikatuovinen.net\/lahettajapiiri\/wp-json\/wp\/v2\/posts"}],"about":[{"href":"https:\/\/mikatuovinen.net\/lahettajapiiri\/wp-json\/wp\/v2\/types\/post"}],"author":[{"embeddable":true,"href":"https:\/\/mikatuovinen.net\/lahettajapiiri\/wp-json\/wp\/v2\/users\/1"}],"replies":[{"embeddable":true,"href":"https:\/\/mikatuovinen.net\/lahettajapiiri\/wp-json\/wp\/v2\/comments?post=572"}],"version-history":[{"count":5,"href":"https:\/\/mikatuovinen.net\/lahettajapiiri\/wp-json\/wp\/v2\/posts\/572\/revisions"}],"predecessor-version":[{"id":584,"href":"https:\/\/mikatuovinen.net\/lahettajapiiri\/wp-json\/wp\/v2\/posts\/572\/revisions\/584"}],"wp:attachment":[{"href":"https:\/\/mikatuovinen.net\/lahettajapiiri\/wp-json\/wp\/v2\/media?parent=572"}],"wp:term":[{"taxonomy":"category","embeddable":true,"href":"https:\/\/mikatuovinen.net\/lahettajapiiri\/wp-json\/wp\/v2\/categories?post=572"},{"taxonomy":"post_tag","embeddable":true,"href":"https:\/\/mikatuovinen.net\/lahettajapiiri\/wp-json\/wp\/v2\/tags?post=572"}],"curies":[{"name":"wp","href":"https:\/\/api.w.org\/{rel}","templated":true}]}}